{"id":296,"date":"2021-04-23T11:57:58","date_gmt":"2021-04-23T11:57:58","guid":{"rendered":"http:\/\/www.marketingarchitect.hu\/?p=296"},"modified":"2021-07-28T10:05:49","modified_gmt":"2021-07-28T08:05:49","slug":"ki-dont-a-kreativ-koncepciorol","status":"publish","type":"post","link":"https:\/\/www.marketingarchitect.hu\/en\/2021\/04\/23\/ki-dont-a-kreativ-koncepciorol\/","title":{"rendered":"Who decides on the creative concept?"},"content":{"rendered":"<p>[et_pb_section fb_built=&#8221;1&#8243; _builder_version=&#8221;4.9.2&#8243; _module_preset=&#8221;default&#8221;][et_pb_row _builder_version=&#8221;4.9.2&#8243; _module_preset=&#8221;default&#8221;][et_pb_column type=&#8221;4_4&#8243; _builder_version=&#8221;4.9.2&#8243; _module_preset=&#8221;default&#8221;][et_pb_text _builder_version=&#8221;4.9.2&#8243; _module_preset=&#8221;default&#8221; text_font_size=&#8221;15px&#8221; text_line_height=&#8221;1.8em&#8221; custom_padding=&#8221;||0px|||&#8221; hover_enabled=&#8221;0&#8243; sticky_enabled=&#8221;0&#8243;]Megsz\u00fcletik a kreat\u00edv elk\u00e9pzel\u00e9s, amely fontos m\u00e9rf\u00f6ldk\u0151 a c\u00e9ged \u00e9let\u00e9ben. Ugyanakkor m\u00e9gsem vagy 100%-ig biztos abban, hogy ez az igazi. Mit csin\u00e1lsz teh\u00e1t? Bevonsz egy-k\u00e9t kolleg\u00e1t a d\u00f6nt\u00e9sbe, hisz \u0151k meghat\u00e1roz\u00f3 tagjai a csapatnak, sz\u00e1m\u00edt a v\u00e9lem\u00e9ny\u00fck. Am\u00fagy is, egyik\u00fck unoka\u00f6ccse marketinget tanul a k\u00f6zg\u00e1zon. Esetleg megk\u00e9rdezed a feles\u00e9ged \/ f\u00e9rjed, mert neki mindig olyan j\u00f3 megl\u00e1t\u00e1sai vannak. (Nan\u00e1, k\u00fcl\u00f6nben nem \u00e9lne veled.) Mindezt \u00fagy, hogy nem ismerik a kontextust. \u00c9s persze csak azon visszajelz\u00e9seiket hallod meg, amik a f\u00e9lelmeidet igazolj\u00e1k.<\/p>\n<p>A \u201egut reaction\u201d fontos! C\u00e9gvezet\u0151k\u00e9nt, tulajdonosk\u00e9nt nem kell elfogadnod egy kreat\u00edv koncepci\u00f3t, ha nem hiszel benne. De \u00e9rdemes els\u0151 k\u00f6rben a marketingeseddel (annak hi\u00e1ny\u00e1ban az \u00fcgyn\u00f6ks\u00e9geddel vagy az alkot\u00f3val) megosztani a fenntart\u00e1saidat, \u00e9s k\u00f6z\u00f6sen kialak\u00edtani egy olyan v\u00e1ltozatot, amivel mindenki boldog. Mi\u00e9rt? Egyr\u00e9szt az\u00e9rt, mert lehetnek olyan szakmai \u00e9rvei, melyek r\u00f6gt\u00f6n eloszlatj\u00e1k a k\u00e9ts\u00e9geidet. M\u00e1sr\u00e9szt az\u00e9rt, mert a m\u00e1sik f\u00e9l csak \u00edgy ismerheti meg a szempontjaidat a j\u00f6v\u0151re n\u00e9zve. K\u00f6z\u00f6sen pedig kidolgozhatj\u00e1tok annak a m\u00f3dj\u00e1t, hogyan lehet &#8211; a keretek figyelembev\u00e9tel\u00e9vel \u2013 szakmailag megalapozottan tesztelni a k\u00fcl\u00f6nb\u00f6z\u0151 elk\u00e9pzel\u00e9seket.<\/p>\n<p>Van \u00fagy, hogy min\u00e9l t\u00f6bb k\u00fcls\u0151 meger\u0151s\u00edt\u00e9st keresel, ann\u00e1l bizonytalanabb leszel.[\/et_pb_text][et_pb_divider color=&#8221;#2596BE&#8221; _builder_version=&#8221;4.9.2&#8243; _module_preset=&#8221;default&#8221; custom_margin=&#8221;0px||0px||true|false&#8221;][\/et_pb_divider][et_pb_text _builder_version=&#8221;4.9.2&#8243; _module_preset=&#8221;default&#8221; custom_margin=&#8221;0px||0px||true|false&#8221; link_option_url=&#8221;https:\/\/www.pexels.com\/photo\/yellow-and-and-blue-colored-pencils-1762851\/&#8221; link_option_url_new_window=&#8221;on&#8221;]<\/p>\n<p>Fot\u00f3: Ann H,\u00a0Pexels<\/p>\n<p>[\/et_pb_text][\/et_pb_column][\/et_pb_row][\/et_pb_section][et_pb_section fb_built=&#8221;1&#8243; _builder_version=&#8221;4.9.2&#8243; _module_preset=&#8221;default&#8221;][et_pb_row _builder_version=&#8221;4.9.2&#8243; _module_preset=&#8221;default&#8221; locked=&#8221;off&#8221;][et_pb_column type=&#8221;4_4&#8243; _builder_version=&#8221;4.9.2&#8243; _module_preset=&#8221;default&#8221;][et_pb_blog fullwidth=&#8221;off&#8221; posts_number=&#8221;3&#8243; include_categories=&#8221;13,14,17,15,16&#8243; show_author=&#8221;off&#8221; show_date=&#8221;off&#8221; show_categories=&#8221;off&#8221; show_pagination=&#8221;off&#8221; module_class=&#8221;pa-blog-equal-height&#8221; _builder_version=&#8221;4.9.2&#8243; _module_preset=&#8221;default&#8221; header_font=&#8221;|700|||||||&#8221; header_text_color=&#8221;#1F98E3&#8243; header_font_size=&#8221;18px&#8221; header_line_height=&#8221;1.3em&#8221; body_text_color=&#8221;#2F2E33&#8243; body_font_size=&#8221;16px&#8221; transform_scale=&#8221;94%|94%&#8221; custom_padding=&#8221;|10px||10px|false|false&#8221; custom_padding_tablet=&#8221;&#8221; custom_padding_phone=&#8221;|10px||10px|false|false&#8221; custom_padding_last_edited=&#8221;on|phone&#8221; header_font_size_tablet=&#8221;&#8221; header_font_size_phone=&#8221;&#8221; header_font_size_last_edited=&#8221;on|desktop&#8221; border_radii=&#8221;on|5px|5px|5px|5px&#8221; border_width_all=&#8221;0px&#8221; border_radii_image=&#8221;off|5px|5px||&#8221; border_width_top_image=&#8221;0px&#8221; box_shadow_style=&#8221;preset1&#8243; locked=&#8221;off&#8221; border_radii_image__hover_enabled=&#8221;off|desktop&#8221;][\/et_pb_blog][\/et_pb_column][\/et_pb_row][\/et_pb_section]<\/p>","protected":false},"excerpt":{"rendered":"<p>Your agency presents a creative idea in a project that is an important milestone for your business. Somehow, you\u2019re not quite sure if that is the road you want to take. What do you do? You involve one or two colleagues ...<\/p>","protected":false},"author":1,"featured_media":1678,"comment_status":"closed","ping_status":"closed","sticky":false,"template":"","format":"standard","meta":{"_et_pb_use_builder":"on","_et_pb_old_content":"","_et_gb_content_width":"","om_disable_all_campaigns":false,"_mi_skip_tracking":false,"_monsterinsights_sitenote_active":false,"_monsterinsights_sitenote_note":"","_monsterinsights_sitenote_category":0,"footnotes":""},"categories":[16,15,17],"tags":[27,28,24],"class_list":["post-296","post","type-post","status-publish","format-standard","has-post-thumbnail","hentry","category-marketingfolyamatok","category-marketingmenedzsment","category-marketingszolgaltatasok","tag-donteshozatal","tag-kreativ-fejlesztes","tag-szerepkorok"],"aioseo_notices":[],"yoast_head":"<!-- This site is optimized with the Yoast SEO plugin v21.0 - https:\/\/yoast.com\/wordpress\/plugins\/seo\/ -->\n<title>Ki d\u00f6nt a kreat\u00edv koncepci\u00f3r\u00f3l? - Marketing Architect<\/title>\n<meta name=\"description\" content=\"A \u201egut reaction\u201d fontos! C\u00e9gvezet\u0151k\u00e9nt, tulajdonosk\u00e9nt nem kell elfogadnod egy kreat\u00edv koncepci\u00f3t, ha nem hiszel benne...\" \/>\n<meta name=\"robots\" content=\"index, follow, max-snippet:-1, max-image-preview:large, max-video-preview:-1\" \/>\n<link rel=\"canonical\" href=\"https:\/\/www.marketingarchitect.hu\/en\/2021\/04\/23\/ki-dont-a-kreativ-koncepciorol\/\" \/>\n<meta property=\"og:locale\" content=\"en_GB\" \/>\n<meta property=\"og:type\" content=\"article\" \/>\n<meta property=\"og:title\" content=\"Ki d\u00f6nt a kreat\u00edv koncepci\u00f3r\u00f3l? - Marketing Architect\" \/>\n<meta property=\"og:description\" content=\"A \u201egut reaction\u201d fontos! C\u00e9gvezet\u0151k\u00e9nt, tulajdonosk\u00e9nt nem kell elfogadnod egy kreat\u00edv koncepci\u00f3t, ha nem hiszel benne...\" \/>\n<meta property=\"og:url\" content=\"https:\/\/www.marketingarchitect.hu\/en\/2021\/04\/23\/ki-dont-a-kreativ-koncepciorol\/\" \/>\n<meta property=\"og:site_name\" content=\"Marketing Architect\" \/>\n<meta property=\"article:published_time\" content=\"2021-04-23T11:57:58+00:00\" \/>\n<meta property=\"article:modified_time\" content=\"2021-07-28T08:05:49+00:00\" \/>\n<meta property=\"og:image\" content=\"https:\/\/www.marketingarchitect.hu\/wp-content\/uploads\/2021\/04\/Kiss-Viktoria-marketing-architect-EGYPERCESEK-01-scaled.jpg\" \/>\n\t<meta property=\"og:image:width\" content=\"2560\" \/>\n\t<meta property=\"og:image:height\" content=\"1707\" \/>\n\t<meta property=\"og:image:type\" content=\"image\/jpeg\" \/>\n<meta name=\"author\" content=\"Kiss Vikt\u00f3ria\" \/>\n<meta name=\"twitter:card\" content=\"summary_large_image\" \/>\n<meta name=\"twitter:label1\" content=\"Written by\" \/>\n\t<meta name=\"twitter:data1\" content=\"Kiss Vikt\u00f3ria\" \/>\n\t<meta name=\"twitter:label2\" content=\"Estimated reading time\" \/>\n\t<meta name=\"twitter:data2\" content=\"1 minute\" \/>\n<script type=\"application\/ld+json\" class=\"yoast-schema-graph\">{\"@context\":\"https:\/\/schema.org\",\"@graph\":[{\"@type\":\"Article\",\"@id\":\"https:\/\/www.marketingarchitect.hu\/2021\/04\/23\/ki-dont-a-kreativ-koncepciorol\/#article\",\"isPartOf\":{\"@id\":\"https:\/\/www.marketingarchitect.hu\/2021\/04\/23\/ki-dont-a-kreativ-koncepciorol\/\"},\"author\":{\"name\":\"Kiss Vikt\u00f3ria\",\"@id\":\"https:\/\/www.marketingarchitect.hu\/#\/schema\/person\/36611b4ff37a7f22aa0730008df00ea7\"},\"headline\":\"Ki d\u00f6nt a kreat\u00edv koncepci\u00f3r\u00f3l?\",\"datePublished\":\"2021-04-23T11:57:58+00:00\",\"dateModified\":\"2021-07-28T08:05:49+00:00\",\"mainEntityOfPage\":{\"@id\":\"https:\/\/www.marketingarchitect.hu\/2021\/04\/23\/ki-dont-a-kreativ-koncepciorol\/\"},\"wordCount\":560,\"publisher\":{\"@id\":\"https:\/\/www.marketingarchitect.hu\/#organization\"},\"keywords\":[\"d\u00f6nt\u00e9shozatal\",\"kreat\u00edv fejleszt\u00e9s\",\"szerepk\u00f6r\u00f6k\"],\"articleSection\":[\"marketingfolyamatok\",\"marketingmenedzsment\",\"marketingszolg\u00e1ltat\u00e1sok\"],\"inLanguage\":\"en-GB\"},{\"@type\":\"WebPage\",\"@id\":\"https:\/\/www.marketingarchitect.hu\/2021\/04\/23\/ki-dont-a-kreativ-koncepciorol\/\",\"url\":\"https:\/\/www.marketingarchitect.hu\/2021\/04\/23\/ki-dont-a-kreativ-koncepciorol\/\",\"name\":\"Ki d\u00f6nt a kreat\u00edv koncepci\u00f3r\u00f3l? - Marketing Architect\",\"isPartOf\":{\"@id\":\"https:\/\/www.marketingarchitect.hu\/#website\"},\"datePublished\":\"2021-04-23T11:57:58+00:00\",\"dateModified\":\"2021-07-28T08:05:49+00:00\",\"description\":\"A \u201egut reaction\u201d fontos! C\u00e9gvezet\u0151k\u00e9nt, tulajdonosk\u00e9nt nem kell elfogadnod egy kreat\u00edv koncepci\u00f3t, ha nem hiszel benne...\",\"breadcrumb\":{\"@id\":\"https:\/\/www.marketingarchitect.hu\/2021\/04\/23\/ki-dont-a-kreativ-koncepciorol\/#breadcrumb\"},\"inLanguage\":\"en-GB\",\"potentialAction\":[{\"@type\":\"ReadAction\",\"target\":[\"https:\/\/www.marketingarchitect.hu\/2021\/04\/23\/ki-dont-a-kreativ-koncepciorol\/\"]}]},{\"@type\":\"BreadcrumbList\",\"@id\":\"https:\/\/www.marketingarchitect.hu\/2021\/04\/23\/ki-dont-a-kreativ-koncepciorol\/#breadcrumb\",\"itemListElement\":[{\"@type\":\"ListItem\",\"position\":1,\"name\":\"Home\",\"item\":\"https:\/\/www.marketingarchitect.hu\/\"},{\"@type\":\"ListItem\",\"position\":2,\"name\":\"Ki d\u00f6nt a kreat\u00edv koncepci\u00f3r\u00f3l?\"}]},{\"@type\":\"WebSite\",\"@id\":\"https:\/\/www.marketingarchitect.hu\/#website\",\"url\":\"https:\/\/www.marketingarchitect.hu\/\",\"name\":\"Marketing Architect\",\"description\":\"Marketing tervez\u00e9s KKV-knak\",\"publisher\":{\"@id\":\"https:\/\/www.marketingarchitect.hu\/#organization\"},\"potentialAction\":[{\"@type\":\"SearchAction\",\"target\":{\"@type\":\"EntryPoint\",\"urlTemplate\":\"https:\/\/www.marketingarchitect.hu\/?s={search_term_string}\"},\"query-input\":\"required name=search_term_string\"}],\"inLanguage\":\"en-GB\"},{\"@type\":\"Organization\",\"@id\":\"https:\/\/www.marketingarchitect.hu\/#organization\",\"name\":\"MarketingArchitect.hu\",\"url\":\"https:\/\/www.marketingarchitect.hu\/\",\"logo\":{\"@type\":\"ImageObject\",\"inLanguage\":\"en-GB\",\"@id\":\"https:\/\/www.marketingarchitect.hu\/#\/schema\/logo\/image\/\",\"url\":\"https:\/\/www.marketingarchitect.hu\/wp-content\/uploads\/2021\/05\/Kiss-Viktoria-marketing-architect-logo-RGB_800x250px-COLOR-white-background.png\",\"contentUrl\":\"https:\/\/www.marketingarchitect.hu\/wp-content\/uploads\/2021\/05\/Kiss-Viktoria-marketing-architect-logo-RGB_800x250px-COLOR-white-background.png\",\"width\":800,\"height\":250,\"caption\":\"MarketingArchitect.hu\"},\"image\":{\"@id\":\"https:\/\/www.marketingarchitect.hu\/#\/schema\/logo\/image\/\"}},{\"@type\":\"Person\",\"@id\":\"https:\/\/www.marketingarchitect.hu\/#\/schema\/person\/36611b4ff37a7f22aa0730008df00ea7\",\"name\":\"Kiss Vikt\u00f3ria\",\"image\":{\"@type\":\"ImageObject\",\"inLanguage\":\"en-GB\",\"@id\":\"https:\/\/www.marketingarchitect.hu\/#\/schema\/person\/image\/\",\"url\":\"https:\/\/secure.gravatar.com\/avatar\/c6aa2e2646b0f45bb0f9f9f4bc9a47d3e2a94dd8a85af018d2ce8bc2eb73ab6e?s=96&d=mm&r=g\",\"contentUrl\":\"https:\/\/secure.gravatar.com\/avatar\/c6aa2e2646b0f45bb0f9f9f4bc9a47d3e2a94dd8a85af018d2ce8bc2eb73ab6e?s=96&d=mm&r=g\",\"caption\":\"Kiss Vikt\u00f3ria\"},\"sameAs\":[\"http:\/\/www.marketingarchitect.hu\"]}]}<\/script>\n<!-- \/ Yoast SEO plugin. -->","yoast_head_json":{"title":"Ki d\u00f6nt a kreat\u00edv koncepci\u00f3r\u00f3l? - Marketing Architect","description":"A \u201egut reaction\u201d fontos! C\u00e9gvezet\u0151k\u00e9nt, tulajdonosk\u00e9nt nem kell elfogadnod egy kreat\u00edv koncepci\u00f3t, ha nem hiszel benne...","robots":{"index":"index","follow":"follow","max-snippet":"max-snippet:-1","max-image-preview":"max-image-preview:large","max-video-preview":"max-video-preview:-1"},"canonical":"https:\/\/www.marketingarchitect.hu\/en\/2021\/04\/23\/ki-dont-a-kreativ-koncepciorol\/","og_locale":"en_GB","og_type":"article","og_title":"Ki d\u00f6nt a kreat\u00edv koncepci\u00f3r\u00f3l? - Marketing Architect","og_description":"A \u201egut reaction\u201d fontos! C\u00e9gvezet\u0151k\u00e9nt, tulajdonosk\u00e9nt nem kell elfogadnod egy kreat\u00edv koncepci\u00f3t, ha nem hiszel benne...","og_url":"https:\/\/www.marketingarchitect.hu\/en\/2021\/04\/23\/ki-dont-a-kreativ-koncepciorol\/","og_site_name":"Marketing Architect","article_published_time":"2021-04-23T11:57:58+00:00","article_modified_time":"2021-07-28T08:05:49+00:00","og_image":[{"width":2560,"height":1707,"url":"https:\/\/www.marketingarchitect.hu\/wp-content\/uploads\/2021\/04\/Kiss-Viktoria-marketing-architect-EGYPERCESEK-01-scaled.jpg","type":"image\/jpeg"}],"author":"Kiss Vikt\u00f3ria","twitter_card":"summary_large_image","twitter_misc":{"Written by":"Kiss Vikt\u00f3ria","Estimated reading time":"1 minute"},"schema":{"@context":"https:\/\/schema.org","@graph":[{"@type":"Article","@id":"https:\/\/www.marketingarchitect.hu\/2021\/04\/23\/ki-dont-a-kreativ-koncepciorol\/#article","isPartOf":{"@id":"https:\/\/www.marketingarchitect.hu\/2021\/04\/23\/ki-dont-a-kreativ-koncepciorol\/"},"author":{"name":"Kiss Vikt\u00f3ria","@id":"https:\/\/www.marketingarchitect.hu\/#\/schema\/person\/36611b4ff37a7f22aa0730008df00ea7"},"headline":"Ki d\u00f6nt a kreat\u00edv koncepci\u00f3r\u00f3l?","datePublished":"2021-04-23T11:57:58+00:00","dateModified":"2021-07-28T08:05:49+00:00","mainEntityOfPage":{"@id":"https:\/\/www.marketingarchitect.hu\/2021\/04\/23\/ki-dont-a-kreativ-koncepciorol\/"},"wordCount":560,"publisher":{"@id":"https:\/\/www.marketingarchitect.hu\/#organization"},"keywords":["d\u00f6nt\u00e9shozatal","kreat\u00edv fejleszt\u00e9s","szerepk\u00f6r\u00f6k"],"articleSection":["marketingfolyamatok","marketingmenedzsment","marketingszolg\u00e1ltat\u00e1sok"],"inLanguage":"en-GB"},{"@type":"WebPage","@id":"https:\/\/www.marketingarchitect.hu\/2021\/04\/23\/ki-dont-a-kreativ-koncepciorol\/","url":"https:\/\/www.marketingarchitect.hu\/2021\/04\/23\/ki-dont-a-kreativ-koncepciorol\/","name":"Ki d\u00f6nt a kreat\u00edv koncepci\u00f3r\u00f3l? - Marketing Architect","isPartOf":{"@id":"https:\/\/www.marketingarchitect.hu\/#website"},"datePublished":"2021-04-23T11:57:58+00:00","dateModified":"2021-07-28T08:05:49+00:00","description":"A \u201egut reaction\u201d fontos! C\u00e9gvezet\u0151k\u00e9nt, tulajdonosk\u00e9nt nem kell elfogadnod egy kreat\u00edv koncepci\u00f3t, ha nem hiszel benne...","breadcrumb":{"@id":"https:\/\/www.marketingarchitect.hu\/2021\/04\/23\/ki-dont-a-kreativ-koncepciorol\/#breadcrumb"},"inLanguage":"en-GB","potentialAction":[{"@type":"ReadAction","target":["https:\/\/www.marketingarchitect.hu\/2021\/04\/23\/ki-dont-a-kreativ-koncepciorol\/"]}]},{"@type":"BreadcrumbList","@id":"https:\/\/www.marketingarchitect.hu\/2021\/04\/23\/ki-dont-a-kreativ-koncepciorol\/#breadcrumb","itemListElement":[{"@type":"ListItem","position":1,"name":"Home","item":"https:\/\/www.marketingarchitect.hu\/"},{"@type":"ListItem","position":2,"name":"Ki d\u00f6nt a kreat\u00edv koncepci\u00f3r\u00f3l?"}]},{"@type":"WebSite","@id":"https:\/\/www.marketingarchitect.hu\/#website","url":"https:\/\/www.marketingarchitect.hu\/","name":"Marketing Architect","description":"Marketing tervez\u00e9s KKV-knak","publisher":{"@id":"https:\/\/www.marketingarchitect.hu\/#organization"},"potentialAction":[{"@type":"SearchAction","target":{"@type":"EntryPoint","urlTemplate":"https:\/\/www.marketingarchitect.hu\/?s={search_term_string}"},"query-input":"required name=search_term_string"}],"inLanguage":"en-GB"},{"@type":"Organization","@id":"https:\/\/www.marketingarchitect.hu\/#organization","name":"MarketingArchitect.hu","url":"https:\/\/www.marketingarchitect.hu\/","logo":{"@type":"ImageObject","inLanguage":"en-GB","@id":"https:\/\/www.marketingarchitect.hu\/#\/schema\/logo\/image\/","url":"https:\/\/www.marketingarchitect.hu\/wp-content\/uploads\/2021\/05\/Kiss-Viktoria-marketing-architect-logo-RGB_800x250px-COLOR-white-background.png","contentUrl":"https:\/\/www.marketingarchitect.hu\/wp-content\/uploads\/2021\/05\/Kiss-Viktoria-marketing-architect-logo-RGB_800x250px-COLOR-white-background.png","width":800,"height":250,"caption":"MarketingArchitect.hu"},"image":{"@id":"https:\/\/www.marketingarchitect.hu\/#\/schema\/logo\/image\/"}},{"@type":"Person","@id":"https:\/\/www.marketingarchitect.hu\/#\/schema\/person\/36611b4ff37a7f22aa0730008df00ea7","name":"Kiss Vikt\u00f3ria","image":{"@type":"ImageObject","inLanguage":"en-GB","@id":"https:\/\/www.marketingarchitect.hu\/#\/schema\/person\/image\/","url":"https:\/\/secure.gravatar.com\/avatar\/c6aa2e2646b0f45bb0f9f9f4bc9a47d3e2a94dd8a85af018d2ce8bc2eb73ab6e?s=96&d=mm&r=g","contentUrl":"https:\/\/secure.gravatar.com\/avatar\/c6aa2e2646b0f45bb0f9f9f4bc9a47d3e2a94dd8a85af018d2ce8bc2eb73ab6e?s=96&d=mm&r=g","caption":"Kiss Vikt\u00f3ria"},"sameAs":["http:\/\/www.marketingarchitect.hu"]}]}},"_links":{"self":[{"href":"https:\/\/www.marketingarchitect.hu\/en\/wp-json\/wp\/v2\/posts\/296","targetHints":{"allow":["GET"]}}],"collection":[{"href":"https:\/\/www.marketingarchitect.hu\/en\/wp-json\/wp\/v2\/posts"}],"about":[{"href":"https:\/\/www.marketingarchitect.hu\/en\/wp-json\/wp\/v2\/types\/post"}],"author":[{"embeddable":true,"href":"https:\/\/www.marketingarchitect.hu\/en\/wp-json\/wp\/v2\/users\/1"}],"replies":[{"embeddable":true,"href":"https:\/\/www.marketingarchitect.hu\/en\/wp-json\/wp\/v2\/comments?post=296"}],"version-history":[{"count":7,"href":"https:\/\/www.marketingarchitect.hu\/en\/wp-json\/wp\/v2\/posts\/296\/revisions"}],"predecessor-version":[{"id":2316,"href":"https:\/\/www.marketingarchitect.hu\/en\/wp-json\/wp\/v2\/posts\/296\/revisions\/2316"}],"wp:featuredmedia":[{"embeddable":true,"href":"https:\/\/www.marketingarchitect.hu\/en\/wp-json\/wp\/v2\/media\/1678"}],"wp:attachment":[{"href":"https:\/\/www.marketingarchitect.hu\/en\/wp-json\/wp\/v2\/media?parent=296"}],"wp:term":[{"taxonomy":"category","embeddable":true,"href":"https:\/\/www.marketingarchitect.hu\/en\/wp-json\/wp\/v2\/categories?post=296"},{"taxonomy":"post_tag","embeddable":true,"href":"https:\/\/www.marketingarchitect.hu\/en\/wp-json\/wp\/v2\/tags?post=296"}],"curies":[{"name":"wp","href":"https:\/\/api.w.org\/{rel}","templated":true}]}}