{"id":274,"date":"2021-04-20T06:28:01","date_gmt":"2021-04-20T06:28:01","guid":{"rendered":"http:\/\/www.marketingarchitect.hu\/?p=274"},"modified":"2021-07-28T10:20:05","modified_gmt":"2021-07-28T08:20:05","slug":"miert-tart-ennyi-ideig","status":"publish","type":"post","link":"https:\/\/www.marketingarchitect.hu\/en\/2021\/04\/20\/miert-tart-ennyi-ideig\/","title":{"rendered":"Are you brave enough to be patient?"},"content":{"rendered":"[et_pb_section fb_built=&#8221;1&#8243; _builder_version=&#8221;4.9.2&#8243; _module_preset=&#8221;default&#8221;][et_pb_row _builder_version=&#8221;4.9.2&#8243; _module_preset=&#8221;default&#8221;][et_pb_column type=&#8221;4_4&#8243; _builder_version=&#8221;4.9.2&#8243; _module_preset=&#8221;default&#8221;][et_pb_text _builder_version=&#8221;4.9.2&#8243; _module_preset=&#8221;default&#8221; text_font_size=&#8221;15px&#8221; text_line_height=&#8221;1.8em&#8221; hover_enabled=&#8221;0&#8243; sticky_enabled=&#8221;0&#8243;]<p>K\u00edv\u00fclr\u0151l n\u00e9zve sok minden olyan egyszer\u0171nek t\u0171nik. R\u00e1ad\u00e1sul a marketing olyan, mint a foci. Egy kicsit \u00a0mindenki \u00e9rt hozz\u00e1. Val\u00f3sz\u00edn\u0171leg neked is volt m\u00e1r legal\u00e1bb egy kiv\u00e1l\u00f3 rekl\u00e1m\u00f6tleted, ugye?<\/p>\n<p>Egy c\u00e9gvezet\u0151nek neh\u00e9z felm\u00e9rni a marketing feladatok er\u0151forr\u00e1sig\u00e9ny\u00e9t, k\u00fcl\u00f6n\u00f6sen akkor, ha elt\u00e9r\u0151 a szakmai h\u00e1ttere: m\u00e9rn\u00f6k, informatikus vagy orvos. Ez innent\u0151l bizalmi k\u00e9rd\u00e9s. Ha pedig nincs meg a bizalom, \u00f3hatatlan felmer\u00fclhet: vajon t\u00e9nyleg annyi id\u0151be telik \u00f6sszehozni, amit k\u00e9rtem? Vajon nem lehetne kisebb k\u00f6lts\u00e9gekkel megoldani ezt a kamp\u00e1nyt?<\/p>\n<p>A gyorsan, j\u00f3t, olcs\u00f3n elve a marketingben sem m\u0171k\u00f6dik, hisz \u00f6sszetett kompetenci\u00e1kra \u00e9p\u00fcl\u0151 ter\u00fclet (l\u00e1sd A marketing Jolly Joker \u00edr\u00e1st). A szakmai ig\u00e9nyess\u00e9gnek \u00e1ra van. T\u00f6bb id\u0151be telik, vagy t\u00f6bbe ker\u00fcl. Egy anyag, kamp\u00e1ny, program stb. eredm\u00e9nyess\u00e9ge pedig a kidolgozotts\u00e1g\u00e1n, el\u0151re \u00e1tgondolt optimaliz\u00e1l\u00e1s\u00e1n m\u00falik.<\/p>\n<p>Sz\u00fcks\u00e9gszer\u0171 teh\u00e1t a c\u00e9lokat \u00e9s priorit\u00e1sokat folyamatos egyeztetned a marketing csapatoddal. Lehet, hogy c\u00e9gvezet\u0151k\u00e9nt sz\u00e1modra adott helyzetben fontosabban az id\u0151t\u00e9nyez\u0151. A marketingesednek azonban az a dolga, hogy egy\u00e9rtelm\u0171v\u00e9 tegye, mindez milyen kock\u00e1zatokkal j\u00e1rhat.<\/p>[\/et_pb_text][et_pb_divider color=&#8221;#2596BE&#8221; _builder_version=&#8221;4.9.2&#8243; _module_preset=&#8221;default&#8221; custom_margin=&#8221;0px||0px||true|false&#8221; custom_padding=&#8221;0px|||||&#8221;][\/et_pb_divider][et_pb_text _builder_version=&#8221;4.9.2&#8243; _module_preset=&#8221;default&#8221; link_option_url=&#8221;https:\/\/pixabay.com\/hu\/users\/jarmoluk-143740\/&#8221; link_option_url_new_window=&#8221;on&#8221;]<p>Fot\u00f3: Michal Jarmoluk, Pixabay<\/p>[\/et_pb_text][\/et_pb_column][\/et_pb_row][\/et_pb_section][et_pb_section fb_built=&#8221;1&#8243; _builder_version=&#8221;4.9.2&#8243; _module_preset=&#8221;default&#8221;][et_pb_row _builder_version=&#8221;4.9.2&#8243; _module_preset=&#8221;default&#8221; locked=&#8221;off&#8221;][et_pb_column type=&#8221;4_4&#8243; _builder_version=&#8221;4.9.2&#8243; _module_preset=&#8221;default&#8221;][et_pb_blog fullwidth=&#8221;off&#8221; posts_number=&#8221;3&#8243; include_categories=&#8221;13,14,17,15,16&#8243; show_author=&#8221;off&#8221; show_date=&#8221;off&#8221; show_categories=&#8221;off&#8221; show_pagination=&#8221;off&#8221; module_class=&#8221;pa-blog-equal-height&#8221; _builder_version=&#8221;4.9.2&#8243; _module_preset=&#8221;default&#8221; header_font=&#8221;|700|||||||&#8221; header_text_color=&#8221;#1F98E3&#8243; header_font_size=&#8221;18px&#8221; header_line_height=&#8221;1.3em&#8221; body_text_color=&#8221;#2F2E33&#8243; body_font_size=&#8221;16px&#8221; transform_scale=&#8221;94%|94%&#8221; custom_padding=&#8221;|10px||10px|false|false&#8221; custom_padding_tablet=&#8221;&#8221; custom_padding_phone=&#8221;|10px||10px|false|false&#8221; custom_padding_last_edited=&#8221;on|phone&#8221; header_font_size_tablet=&#8221;&#8221; header_font_size_phone=&#8221;&#8221; header_font_size_last_edited=&#8221;on|desktop&#8221; border_radii=&#8221;on|5px|5px|5px|5px&#8221; border_width_all=&#8221;0px&#8221; border_radii_image=&#8221;off|5px|5px||&#8221; border_width_top_image=&#8221;0px&#8221; box_shadow_style=&#8221;preset1&#8243; locked=&#8221;off&#8221; border_radii_image__hover_enabled=&#8221;off|desktop&#8221;][\/et_pb_blog][\/et_pb_column][\/et_pb_row][\/et_pb_section]","protected":false},"excerpt":{"rendered":"<p>Marketing is like football. Everyone is an expert in it. You must have had at least one great advertising idea, right?! It is difficult for an SME executive to evaluate the right resource needs of marketing ...<\/p>","protected":false},"author":1,"featured_media":277,"comment_status":"closed","ping_status":"open","sticky":false,"template":"","format":"standard","meta":{"_et_pb_use_builder":"on","_et_pb_old_content":"","_et_gb_content_width":"","om_disable_all_campaigns":false,"_mi_skip_tracking":false,"_monsterinsights_sitenote_active":false,"_monsterinsights_sitenote_note":"","_monsterinsights_sitenote_category":0,"footnotes":""},"categories":[16,15],"tags":[19,18,21,20],"class_list":["post-274","post","type-post","status-publish","format-standard","has-post-thumbnail","hentry","category-marketingfolyamatok","category-marketingmenedzsment","tag-egyuttmukodes","tag-eroforras","tag-kockazatok","tag-prioritasok"],"aioseo_notices":[],"yoast_head":"<!-- This site is optimized with the Yoast SEO plugin v21.0 - https:\/\/yoast.com\/wordpress\/plugins\/seo\/ -->\n<title>El\u00e9g b\u00e1tor vagy ahhoz, hogy t\u00fcrelmes legy\u00e9l? - Marketing Architect<\/title>\n<meta name=\"description\" content=\"Egy c\u00e9gvezet\u0151nek neh\u00e9z felm\u00e9rni a marketing feladatok er\u0151forr\u00e1sig\u00e9ny\u00e9t, k\u00fcl\u00f6n\u00f6sen akkor, ha elt\u00e9r\u0151 a szakmai h\u00e1ttere. Bizalmi k\u00e9rd\u00e9ss\u00e9...\" \/>\n<meta name=\"robots\" content=\"index, follow, max-snippet:-1, max-image-preview:large, max-video-preview:-1\" \/>\n<link rel=\"canonical\" href=\"https:\/\/www.marketingarchitect.hu\/en\/2021\/04\/20\/miert-tart-ennyi-ideig\/\" \/>\n<meta property=\"og:locale\" content=\"en_GB\" \/>\n<meta property=\"og:type\" content=\"article\" \/>\n<meta property=\"og:title\" content=\"El\u00e9g b\u00e1tor vagy ahhoz, hogy t\u00fcrelmes legy\u00e9l? - Marketing Architect\" \/>\n<meta property=\"og:description\" content=\"Egy c\u00e9gvezet\u0151nek neh\u00e9z felm\u00e9rni a marketing feladatok er\u0151forr\u00e1sig\u00e9ny\u00e9t, k\u00fcl\u00f6n\u00f6sen akkor, ha elt\u00e9r\u0151 a szakmai h\u00e1ttere. Bizalmi k\u00e9rd\u00e9ss\u00e9...\" \/>\n<meta property=\"og:url\" content=\"https:\/\/www.marketingarchitect.hu\/en\/2021\/04\/20\/miert-tart-ennyi-ideig\/\" \/>\n<meta property=\"og:site_name\" content=\"Marketing Architect\" \/>\n<meta property=\"article:published_time\" content=\"2021-04-20T06:28:01+00:00\" \/>\n<meta property=\"article:modified_time\" content=\"2021-07-28T08:20:05+00:00\" \/>\n<meta property=\"og:image\" content=\"https:\/\/www.marketingarchitect.hu\/wp-content\/uploads\/2021\/04\/Time.jpg\" \/>\n\t<meta property=\"og:image:width\" content=\"1280\" \/>\n\t<meta property=\"og:image:height\" content=\"604\" \/>\n\t<meta property=\"og:image:type\" content=\"image\/jpeg\" \/>\n<meta name=\"author\" content=\"Kiss Vikt\u00f3ria\" \/>\n<meta name=\"twitter:card\" content=\"summary_large_image\" \/>\n<meta name=\"twitter:label1\" content=\"Written by\" \/>\n\t<meta name=\"twitter:data1\" content=\"Kiss Vikt\u00f3ria\" \/>\n\t<meta name=\"twitter:label2\" content=\"Estimated reading time\" \/>\n\t<meta name=\"twitter:data2\" content=\"1 minute\" \/>\n<script type=\"application\/ld+json\" class=\"yoast-schema-graph\">{\"@context\":\"https:\/\/schema.org\",\"@graph\":[{\"@type\":\"Article\",\"@id\":\"https:\/\/www.marketingarchitect.hu\/en\/2021\/04\/20\/miert-tart-ennyi-ideig\/#article\",\"isPartOf\":{\"@id\":\"https:\/\/www.marketingarchitect.hu\/en\/2021\/04\/20\/miert-tart-ennyi-ideig\/\"},\"author\":{\"name\":\"Kiss Vikt\u00f3ria\",\"@id\":\"https:\/\/www.marketingarchitect.hu\/#\/schema\/person\/36611b4ff37a7f22aa0730008df00ea7\"},\"headline\":\"El\u00e9g b\u00e1tor vagy ahhoz, hogy t\u00fcrelmes legy\u00e9l?\",\"datePublished\":\"2021-04-20T06:28:01+00:00\",\"dateModified\":\"2021-07-28T08:20:05+00:00\",\"mainEntityOfPage\":{\"@id\":\"https:\/\/www.marketingarchitect.hu\/en\/2021\/04\/20\/miert-tart-ennyi-ideig\/\"},\"wordCount\":525,\"publisher\":{\"@id\":\"https:\/\/www.marketingarchitect.hu\/#organization\"},\"keywords\":[\"egy\u00fcttm\u0171k\u00f6d\u00e9s\",\"er\u0151forr\u00e1s\",\"kock\u00e1zatok\",\"priorit\u00e1sok\"],\"articleSection\":[\"marketingfolyamatok\",\"marketingmenedzsment\"],\"inLanguage\":\"en-GB\"},{\"@type\":\"WebPage\",\"@id\":\"https:\/\/www.marketingarchitect.hu\/en\/2021\/04\/20\/miert-tart-ennyi-ideig\/\",\"url\":\"https:\/\/www.marketingarchitect.hu\/en\/2021\/04\/20\/miert-tart-ennyi-ideig\/\",\"name\":\"El\u00e9g b\u00e1tor vagy ahhoz, hogy t\u00fcrelmes legy\u00e9l? - Marketing Architect\",\"isPartOf\":{\"@id\":\"https:\/\/www.marketingarchitect.hu\/#website\"},\"datePublished\":\"2021-04-20T06:28:01+00:00\",\"dateModified\":\"2021-07-28T08:20:05+00:00\",\"description\":\"Egy c\u00e9gvezet\u0151nek neh\u00e9z felm\u00e9rni a marketing feladatok er\u0151forr\u00e1sig\u00e9ny\u00e9t, k\u00fcl\u00f6n\u00f6sen akkor, ha elt\u00e9r\u0151 a szakmai h\u00e1ttere. Bizalmi k\u00e9rd\u00e9ss\u00e9...\",\"breadcrumb\":{\"@id\":\"https:\/\/www.marketingarchitect.hu\/en\/2021\/04\/20\/miert-tart-ennyi-ideig\/#breadcrumb\"},\"inLanguage\":\"en-GB\",\"potentialAction\":[{\"@type\":\"ReadAction\",\"target\":[\"https:\/\/www.marketingarchitect.hu\/en\/2021\/04\/20\/miert-tart-ennyi-ideig\/\"]}]},{\"@type\":\"BreadcrumbList\",\"@id\":\"https:\/\/www.marketingarchitect.hu\/en\/2021\/04\/20\/miert-tart-ennyi-ideig\/#breadcrumb\",\"itemListElement\":[{\"@type\":\"ListItem\",\"position\":1,\"name\":\"Home\",\"item\":\"https:\/\/www.marketingarchitect.hu\/\"},{\"@type\":\"ListItem\",\"position\":2,\"name\":\"El\u00e9g b\u00e1tor vagy ahhoz, hogy t\u00fcrelmes legy\u00e9l?\"}]},{\"@type\":\"WebSite\",\"@id\":\"https:\/\/www.marketingarchitect.hu\/#website\",\"url\":\"https:\/\/www.marketingarchitect.hu\/\",\"name\":\"Marketing Architect\",\"description\":\"Marketing tervez\u00e9s KKV-knak\",\"publisher\":{\"@id\":\"https:\/\/www.marketingarchitect.hu\/#organization\"},\"potentialAction\":[{\"@type\":\"SearchAction\",\"target\":{\"@type\":\"EntryPoint\",\"urlTemplate\":\"https:\/\/www.marketingarchitect.hu\/?s={search_term_string}\"},\"query-input\":\"required name=search_term_string\"}],\"inLanguage\":\"en-GB\"},{\"@type\":\"Organization\",\"@id\":\"https:\/\/www.marketingarchitect.hu\/#organization\",\"name\":\"MarketingArchitect.hu\",\"url\":\"https:\/\/www.marketingarchitect.hu\/\",\"logo\":{\"@type\":\"ImageObject\",\"inLanguage\":\"en-GB\",\"@id\":\"https:\/\/www.marketingarchitect.hu\/#\/schema\/logo\/image\/\",\"url\":\"https:\/\/www.marketingarchitect.hu\/wp-content\/uploads\/2021\/05\/Kiss-Viktoria-marketing-architect-logo-RGB_800x250px-COLOR-white-background.png\",\"contentUrl\":\"https:\/\/www.marketingarchitect.hu\/wp-content\/uploads\/2021\/05\/Kiss-Viktoria-marketing-architect-logo-RGB_800x250px-COLOR-white-background.png\",\"width\":800,\"height\":250,\"caption\":\"MarketingArchitect.hu\"},\"image\":{\"@id\":\"https:\/\/www.marketingarchitect.hu\/#\/schema\/logo\/image\/\"}},{\"@type\":\"Person\",\"@id\":\"https:\/\/www.marketingarchitect.hu\/#\/schema\/person\/36611b4ff37a7f22aa0730008df00ea7\",\"name\":\"Kiss Vikt\u00f3ria\",\"image\":{\"@type\":\"ImageObject\",\"inLanguage\":\"en-GB\",\"@id\":\"https:\/\/www.marketingarchitect.hu\/#\/schema\/person\/image\/\",\"url\":\"https:\/\/secure.gravatar.com\/avatar\/c6aa2e2646b0f45bb0f9f9f4bc9a47d3e2a94dd8a85af018d2ce8bc2eb73ab6e?s=96&d=mm&r=g\",\"contentUrl\":\"https:\/\/secure.gravatar.com\/avatar\/c6aa2e2646b0f45bb0f9f9f4bc9a47d3e2a94dd8a85af018d2ce8bc2eb73ab6e?s=96&d=mm&r=g\",\"caption\":\"Kiss Vikt\u00f3ria\"},\"sameAs\":[\"http:\/\/www.marketingarchitect.hu\"]}]}<\/script>\n<!-- \/ Yoast SEO plugin. -->","yoast_head_json":{"title":"El\u00e9g b\u00e1tor vagy ahhoz, hogy t\u00fcrelmes legy\u00e9l? - Marketing Architect","description":"Egy c\u00e9gvezet\u0151nek neh\u00e9z felm\u00e9rni a marketing feladatok er\u0151forr\u00e1sig\u00e9ny\u00e9t, k\u00fcl\u00f6n\u00f6sen akkor, ha elt\u00e9r\u0151 a szakmai h\u00e1ttere. Bizalmi k\u00e9rd\u00e9ss\u00e9...","robots":{"index":"index","follow":"follow","max-snippet":"max-snippet:-1","max-image-preview":"max-image-preview:large","max-video-preview":"max-video-preview:-1"},"canonical":"https:\/\/www.marketingarchitect.hu\/en\/2021\/04\/20\/miert-tart-ennyi-ideig\/","og_locale":"en_GB","og_type":"article","og_title":"El\u00e9g b\u00e1tor vagy ahhoz, hogy t\u00fcrelmes legy\u00e9l? - Marketing Architect","og_description":"Egy c\u00e9gvezet\u0151nek neh\u00e9z felm\u00e9rni a marketing feladatok er\u0151forr\u00e1sig\u00e9ny\u00e9t, k\u00fcl\u00f6n\u00f6sen akkor, ha elt\u00e9r\u0151 a szakmai h\u00e1ttere. Bizalmi k\u00e9rd\u00e9ss\u00e9...","og_url":"https:\/\/www.marketingarchitect.hu\/en\/2021\/04\/20\/miert-tart-ennyi-ideig\/","og_site_name":"Marketing Architect","article_published_time":"2021-04-20T06:28:01+00:00","article_modified_time":"2021-07-28T08:20:05+00:00","og_image":[{"width":1280,"height":604,"url":"https:\/\/www.marketingarchitect.hu\/wp-content\/uploads\/2021\/04\/Time.jpg","type":"image\/jpeg"}],"author":"Kiss Vikt\u00f3ria","twitter_card":"summary_large_image","twitter_misc":{"Written by":"Kiss Vikt\u00f3ria","Estimated reading time":"1 minute"},"schema":{"@context":"https:\/\/schema.org","@graph":[{"@type":"Article","@id":"https:\/\/www.marketingarchitect.hu\/en\/2021\/04\/20\/miert-tart-ennyi-ideig\/#article","isPartOf":{"@id":"https:\/\/www.marketingarchitect.hu\/en\/2021\/04\/20\/miert-tart-ennyi-ideig\/"},"author":{"name":"Kiss Vikt\u00f3ria","@id":"https:\/\/www.marketingarchitect.hu\/#\/schema\/person\/36611b4ff37a7f22aa0730008df00ea7"},"headline":"El\u00e9g b\u00e1tor vagy ahhoz, hogy t\u00fcrelmes legy\u00e9l?","datePublished":"2021-04-20T06:28:01+00:00","dateModified":"2021-07-28T08:20:05+00:00","mainEntityOfPage":{"@id":"https:\/\/www.marketingarchitect.hu\/en\/2021\/04\/20\/miert-tart-ennyi-ideig\/"},"wordCount":525,"publisher":{"@id":"https:\/\/www.marketingarchitect.hu\/#organization"},"keywords":["egy\u00fcttm\u0171k\u00f6d\u00e9s","er\u0151forr\u00e1s","kock\u00e1zatok","priorit\u00e1sok"],"articleSection":["marketingfolyamatok","marketingmenedzsment"],"inLanguage":"en-GB"},{"@type":"WebPage","@id":"https:\/\/www.marketingarchitect.hu\/en\/2021\/04\/20\/miert-tart-ennyi-ideig\/","url":"https:\/\/www.marketingarchitect.hu\/en\/2021\/04\/20\/miert-tart-ennyi-ideig\/","name":"El\u00e9g b\u00e1tor vagy ahhoz, hogy t\u00fcrelmes legy\u00e9l? - Marketing Architect","isPartOf":{"@id":"https:\/\/www.marketingarchitect.hu\/#website"},"datePublished":"2021-04-20T06:28:01+00:00","dateModified":"2021-07-28T08:20:05+00:00","description":"Egy c\u00e9gvezet\u0151nek neh\u00e9z felm\u00e9rni a marketing feladatok er\u0151forr\u00e1sig\u00e9ny\u00e9t, k\u00fcl\u00f6n\u00f6sen akkor, ha elt\u00e9r\u0151 a szakmai h\u00e1ttere. Bizalmi k\u00e9rd\u00e9ss\u00e9...","breadcrumb":{"@id":"https:\/\/www.marketingarchitect.hu\/en\/2021\/04\/20\/miert-tart-ennyi-ideig\/#breadcrumb"},"inLanguage":"en-GB","potentialAction":[{"@type":"ReadAction","target":["https:\/\/www.marketingarchitect.hu\/en\/2021\/04\/20\/miert-tart-ennyi-ideig\/"]}]},{"@type":"BreadcrumbList","@id":"https:\/\/www.marketingarchitect.hu\/en\/2021\/04\/20\/miert-tart-ennyi-ideig\/#breadcrumb","itemListElement":[{"@type":"ListItem","position":1,"name":"Home","item":"https:\/\/www.marketingarchitect.hu\/"},{"@type":"ListItem","position":2,"name":"El\u00e9g b\u00e1tor vagy ahhoz, hogy t\u00fcrelmes legy\u00e9l?"}]},{"@type":"WebSite","@id":"https:\/\/www.marketingarchitect.hu\/#website","url":"https:\/\/www.marketingarchitect.hu\/","name":"Marketing Architect","description":"Marketing tervez\u00e9s KKV-knak","publisher":{"@id":"https:\/\/www.marketingarchitect.hu\/#organization"},"potentialAction":[{"@type":"SearchAction","target":{"@type":"EntryPoint","urlTemplate":"https:\/\/www.marketingarchitect.hu\/?s={search_term_string}"},"query-input":"required name=search_term_string"}],"inLanguage":"en-GB"},{"@type":"Organization","@id":"https:\/\/www.marketingarchitect.hu\/#organization","name":"MarketingArchitect.hu","url":"https:\/\/www.marketingarchitect.hu\/","logo":{"@type":"ImageObject","inLanguage":"en-GB","@id":"https:\/\/www.marketingarchitect.hu\/#\/schema\/logo\/image\/","url":"https:\/\/www.marketingarchitect.hu\/wp-content\/uploads\/2021\/05\/Kiss-Viktoria-marketing-architect-logo-RGB_800x250px-COLOR-white-background.png","contentUrl":"https:\/\/www.marketingarchitect.hu\/wp-content\/uploads\/2021\/05\/Kiss-Viktoria-marketing-architect-logo-RGB_800x250px-COLOR-white-background.png","width":800,"height":250,"caption":"MarketingArchitect.hu"},"image":{"@id":"https:\/\/www.marketingarchitect.hu\/#\/schema\/logo\/image\/"}},{"@type":"Person","@id":"https:\/\/www.marketingarchitect.hu\/#\/schema\/person\/36611b4ff37a7f22aa0730008df00ea7","name":"Kiss Vikt\u00f3ria","image":{"@type":"ImageObject","inLanguage":"en-GB","@id":"https:\/\/www.marketingarchitect.hu\/#\/schema\/person\/image\/","url":"https:\/\/secure.gravatar.com\/avatar\/c6aa2e2646b0f45bb0f9f9f4bc9a47d3e2a94dd8a85af018d2ce8bc2eb73ab6e?s=96&d=mm&r=g","contentUrl":"https:\/\/secure.gravatar.com\/avatar\/c6aa2e2646b0f45bb0f9f9f4bc9a47d3e2a94dd8a85af018d2ce8bc2eb73ab6e?s=96&d=mm&r=g","caption":"Kiss Vikt\u00f3ria"},"sameAs":["http:\/\/www.marketingarchitect.hu"]}]}},"_links":{"self":[{"href":"https:\/\/www.marketingarchitect.hu\/en\/wp-json\/wp\/v2\/posts\/274","targetHints":{"allow":["GET"]}}],"collection":[{"href":"https:\/\/www.marketingarchitect.hu\/en\/wp-json\/wp\/v2\/posts"}],"about":[{"href":"https:\/\/www.marketingarchitect.hu\/en\/wp-json\/wp\/v2\/types\/post"}],"author":[{"embeddable":true,"href":"https:\/\/www.marketingarchitect.hu\/en\/wp-json\/wp\/v2\/users\/1"}],"replies":[{"embeddable":true,"href":"https:\/\/www.marketingarchitect.hu\/en\/wp-json\/wp\/v2\/comments?post=274"}],"version-history":[{"count":14,"href":"https:\/\/www.marketingarchitect.hu\/en\/wp-json\/wp\/v2\/posts\/274\/revisions"}],"predecessor-version":[{"id":2323,"href":"https:\/\/www.marketingarchitect.hu\/en\/wp-json\/wp\/v2\/posts\/274\/revisions\/2323"}],"wp:featuredmedia":[{"embeddable":true,"href":"https:\/\/www.marketingarchitect.hu\/en\/wp-json\/wp\/v2\/media\/277"}],"wp:attachment":[{"href":"https:\/\/www.marketingarchitect.hu\/en\/wp-json\/wp\/v2\/media?parent=274"}],"wp:term":[{"taxonomy":"category","embeddable":true,"href":"https:\/\/www.marketingarchitect.hu\/en\/wp-json\/wp\/v2\/categories?post=274"},{"taxonomy":"post_tag","embeddable":true,"href":"https:\/\/www.marketingarchitect.hu\/en\/wp-json\/wp\/v2\/tags?post=274"}],"curies":[{"name":"wp","href":"https:\/\/api.w.org\/{rel}","templated":true}]}}